{"id":712,"date":"2025-06-24T12:56:31","date_gmt":"2025-06-24T15:56:31","guid":{"rendered":"https:\/\/webdae.uta.cl\/?p=712"},"modified":"2025-06-25T10:16:27","modified_gmt":"2025-06-25T13:16:27","slug":"dae-conmemora-el-dia-internacional-del-yoga","status":"publish","type":"post","link":"https:\/\/webdae.uta.cl\/index.php\/2025\/06\/24\/dae-conmemora-el-dia-internacional-del-yoga\/","title":{"rendered":"DAE conmemora el D\u00eda Internacional del Yoga"},"content":{"rendered":"\n<p>El s\u00e1bado 21 de junio se celebr\u00f3 el D\u00eda Internacional del Yoga en todo el mundo, y Arica no fue la excepci\u00f3n. Diversas actividades se realizaron en distintos espacios de la ciudad, como playas, escuelas y gimnasios.<\/p>\n\n\n\n<p><br>En particular, la Universidad de Tarapac\u00e1 conmemor\u00f3 esta fecha con una clase magistral de Hatha Yoga Tradicional en el Gimnasio Dorado. La actividad fue organizada por la Direcci\u00f3n de Asuntos Estudiantiles (DAE) de la universidad, en colaboraci\u00f3n con Adinath Escuela de Yoga Tradicional, y estuvo dirigida por el profesor Manuel Villarroel A.<\/p>\n\n\n\n<p><br>La clase estuvo abierta a toda la comunidad universitaria y al p\u00fablico arique\u00f1o en general, fomentando el bienestar f\u00edsico y mental a trav\u00e9s de esta milenaria pr\u00e1ctica.<\/p>\n\n\n\n<figure class=\"wp-block-gallery has-nested-images columns-default is-cropped wp-block-gallery-1 is-layout-flex wp-block-gallery-is-layout-flex\">\n<figure class=\"wp-block-image size-large\"><img loading=\"lazy\" decoding=\"async\" width=\"1024\" height=\"576\" data-id=\"717\" src=\"https:\/\/webdae.uta.cl\/wp-content\/uploads\/2025\/06\/IMG-20250623-WA0151-1024x576.jpg\" alt=\"\" class=\"wp-image-717\" srcset=\"https:\/\/webdae.uta.cl\/wp-content\/uploads\/2025\/06\/IMG-20250623-WA0151-1024x576.jpg 1024w, https:\/\/webdae.uta.cl\/wp-content\/uploads\/2025\/06\/IMG-20250623-WA0151-300x169.jpg 300w, https:\/\/webdae.uta.cl\/wp-content\/uploads\/2025\/06\/IMG-20250623-WA0151-768x432.jpg 768w, https:\/\/webdae.uta.cl\/wp-content\/uploads\/2025\/06\/IMG-20250623-WA0151.jpg 1280w\" sizes=\"auto, (max-width: 1024px) 100vw, 1024px\" \/><\/figure>\n\n\n\n<figure class=\"wp-block-image size-large\"><img loading=\"lazy\" decoding=\"async\" width=\"1024\" height=\"576\" data-id=\"714\" src=\"https:\/\/webdae.uta.cl\/wp-content\/uploads\/2025\/06\/IMG-20250623-WA0143-1024x576.jpg\" alt=\"\" class=\"wp-image-714\" srcset=\"https:\/\/webdae.uta.cl\/wp-content\/uploads\/2025\/06\/IMG-20250623-WA0143-1024x576.jpg 1024w, https:\/\/webdae.uta.cl\/wp-content\/uploads\/2025\/06\/IMG-20250623-WA0143-300x169.jpg 300w, https:\/\/webdae.uta.cl\/wp-content\/uploads\/2025\/06\/IMG-20250623-WA0143-768x432.jpg 768w, https:\/\/webdae.uta.cl\/wp-content\/uploads\/2025\/06\/IMG-20250623-WA0143.jpg 1280w\" sizes=\"auto, (max-width: 1024px) 100vw, 1024px\" \/><\/figure>\n\n\n\n<figure class=\"wp-block-image size-large\"><img loading=\"lazy\" decoding=\"async\" width=\"1024\" height=\"576\" data-id=\"716\" src=\"https:\/\/webdae.uta.cl\/wp-content\/uploads\/2025\/06\/IMG-20250623-WA0141-1024x576.jpg\" alt=\"\" class=\"wp-image-716\" srcset=\"https:\/\/webdae.uta.cl\/wp-content\/uploads\/2025\/06\/IMG-20250623-WA0141-1024x576.jpg 1024w, https:\/\/webdae.uta.cl\/wp-content\/uploads\/2025\/06\/IMG-20250623-WA0141-300x169.jpg 300w, https:\/\/webdae.uta.cl\/wp-content\/uploads\/2025\/06\/IMG-20250623-WA0141-768x432.jpg 768w, https:\/\/webdae.uta.cl\/wp-content\/uploads\/2025\/06\/IMG-20250623-WA0141.jpg 1280w\" sizes=\"auto, (max-width: 1024px) 100vw, 1024px\" \/><\/figure>\n\n\n\n<figure class=\"wp-block-image size-large\"><img loading=\"lazy\" decoding=\"async\" width=\"576\" height=\"1024\" data-id=\"713\" src=\"https:\/\/webdae.uta.cl\/wp-content\/uploads\/2025\/06\/IMG-20250623-WA0140-576x1024.jpg\" alt=\"\" class=\"wp-image-713\" srcset=\"https:\/\/webdae.uta.cl\/wp-content\/uploads\/2025\/06\/IMG-20250623-WA0140-576x1024.jpg 576w, https:\/\/webdae.uta.cl\/wp-content\/uploads\/2025\/06\/IMG-20250623-WA0140-169x300.jpg 169w, https:\/\/webdae.uta.cl\/wp-content\/uploads\/2025\/06\/IMG-20250623-WA0140.jpg 720w\" sizes=\"auto, (max-width: 576px) 100vw, 576px\" \/><\/figure>\n\n\n\n<figure class=\"wp-block-image size-large\"><img loading=\"lazy\" decoding=\"async\" width=\"1024\" height=\"576\" data-id=\"718\" src=\"https:\/\/webdae.uta.cl\/wp-content\/uploads\/2025\/06\/IMG-20250623-WA0130-1024x576.jpg\" alt=\"\" class=\"wp-image-718\" srcset=\"https:\/\/webdae.uta.cl\/wp-content\/uploads\/2025\/06\/IMG-20250623-WA0130-1024x576.jpg 1024w, https:\/\/webdae.uta.cl\/wp-content\/uploads\/2025\/06\/IMG-20250623-WA0130-300x169.jpg 300w, https:\/\/webdae.uta.cl\/wp-content\/uploads\/2025\/06\/IMG-20250623-WA0130-768x432.jpg 768w, https:\/\/webdae.uta.cl\/wp-content\/uploads\/2025\/06\/IMG-20250623-WA0130.jpg 1280w\" sizes=\"auto, (max-width: 1024px) 100vw, 1024px\" \/><\/figure>\n\n\n\n<figure class=\"wp-block-image size-large\"><img loading=\"lazy\" decoding=\"async\" width=\"1024\" height=\"576\" data-id=\"715\" src=\"https:\/\/webdae.uta.cl\/wp-content\/uploads\/2025\/06\/IMG-20250623-WA0126-1024x576.jpg\" alt=\"\" class=\"wp-image-715\" srcset=\"https:\/\/webdae.uta.cl\/wp-content\/uploads\/2025\/06\/IMG-20250623-WA0126-1024x576.jpg 1024w, https:\/\/webdae.uta.cl\/wp-content\/uploads\/2025\/06\/IMG-20250623-WA0126-300x169.jpg 300w, https:\/\/webdae.uta.cl\/wp-content\/uploads\/2025\/06\/IMG-20250623-WA0126-768x432.jpg 768w, https:\/\/webdae.uta.cl\/wp-content\/uploads\/2025\/06\/IMG-20250623-WA0126.jpg 1280w\" sizes=\"auto, (max-width: 1024px) 100vw, 1024px\" \/><\/figure>\n\n\n\n<figure class=\"wp-block-image size-large\"><img loading=\"lazy\" decoding=\"async\" width=\"1024\" height=\"576\" data-id=\"719\" src=\"https:\/\/webdae.uta.cl\/wp-content\/uploads\/2025\/06\/IMG-20250623-WA0125-1024x576.jpg\" alt=\"\" class=\"wp-image-719\" srcset=\"https:\/\/webdae.uta.cl\/wp-content\/uploads\/2025\/06\/IMG-20250623-WA0125-1024x576.jpg 1024w, https:\/\/webdae.uta.cl\/wp-content\/uploads\/2025\/06\/IMG-20250623-WA0125-300x169.jpg 300w, https:\/\/webdae.uta.cl\/wp-content\/uploads\/2025\/06\/IMG-20250623-WA0125-768x432.jpg 768w, https:\/\/webdae.uta.cl\/wp-content\/uploads\/2025\/06\/IMG-20250623-WA0125.jpg 1280w\" sizes=\"auto, (max-width: 1024px) 100vw, 1024px\" \/><\/figure>\n\n\n\n<figure class=\"wp-block-image size-large\"><img loading=\"lazy\" decoding=\"async\" width=\"1024\" height=\"576\" data-id=\"720\" src=\"https:\/\/webdae.uta.cl\/wp-content\/uploads\/2025\/06\/IMG-20250623-WA0094-1024x576.jpg\" alt=\"\" class=\"wp-image-720\" srcset=\"https:\/\/webdae.uta.cl\/wp-content\/uploads\/2025\/06\/IMG-20250623-WA0094-1024x576.jpg 1024w, https:\/\/webdae.uta.cl\/wp-content\/uploads\/2025\/06\/IMG-20250623-WA0094-300x169.jpg 300w, https:\/\/webdae.uta.cl\/wp-content\/uploads\/2025\/06\/IMG-20250623-WA0094-768x432.jpg 768w, https:\/\/webdae.uta.cl\/wp-content\/uploads\/2025\/06\/IMG-20250623-WA0094.jpg 1280w\" sizes=\"auto, (max-width: 1024px) 100vw, 1024px\" \/><\/figure>\n\n\n\n<figure class=\"wp-block-image size-large\"><img loading=\"lazy\" decoding=\"async\" width=\"1024\" height=\"576\" data-id=\"721\" src=\"https:\/\/webdae.uta.cl\/wp-content\/uploads\/2025\/06\/IMG-20250623-WA0090-1024x576.jpg\" alt=\"\" class=\"wp-image-721\" srcset=\"https:\/\/webdae.uta.cl\/wp-content\/uploads\/2025\/06\/IMG-20250623-WA0090-1024x576.jpg 1024w, https:\/\/webdae.uta.cl\/wp-content\/uploads\/2025\/06\/IMG-20250623-WA0090-300x169.jpg 300w, https:\/\/webdae.uta.cl\/wp-content\/uploads\/2025\/06\/IMG-20250623-WA0090-768x432.jpg 768w, https:\/\/webdae.uta.cl\/wp-content\/uploads\/2025\/06\/IMG-20250623-WA0090.jpg 1280w\" sizes=\"auto, (max-width: 1024px) 100vw, 1024px\" \/><\/figure>\n\n\n\n<figure class=\"wp-block-image size-large\"><img loading=\"lazy\" decoding=\"async\" width=\"1024\" height=\"576\" data-id=\"722\" src=\"https:\/\/webdae.uta.cl\/wp-content\/uploads\/2025\/06\/IMG-20250623-WA0080-1024x576.jpg\" alt=\"\" class=\"wp-image-722\" srcset=\"https:\/\/webdae.uta.cl\/wp-content\/uploads\/2025\/06\/IMG-20250623-WA0080-1024x576.jpg 1024w, https:\/\/webdae.uta.cl\/wp-content\/uploads\/2025\/06\/IMG-20250623-WA0080-300x169.jpg 300w, https:\/\/webdae.uta.cl\/wp-content\/uploads\/2025\/06\/IMG-20250623-WA0080-768x432.jpg 768w, https:\/\/webdae.uta.cl\/wp-content\/uploads\/2025\/06\/IMG-20250623-WA0080.jpg 1280w\" sizes=\"auto, (max-width: 1024px) 100vw, 1024px\" \/><\/figure>\n\n\n\n<figure class=\"wp-block-image size-large\"><img loading=\"lazy\" decoding=\"async\" width=\"1024\" height=\"576\" data-id=\"723\" src=\"https:\/\/webdae.uta.cl\/wp-content\/uploads\/2025\/06\/IMG-20250623-WA0069-1024x576.jpg\" alt=\"\" class=\"wp-image-723\" srcset=\"https:\/\/webdae.uta.cl\/wp-content\/uploads\/2025\/06\/IMG-20250623-WA0069-1024x576.jpg 1024w, https:\/\/webdae.uta.cl\/wp-content\/uploads\/2025\/06\/IMG-20250623-WA0069-300x169.jpg 300w, https:\/\/webdae.uta.cl\/wp-content\/uploads\/2025\/06\/IMG-20250623-WA0069-768x432.jpg 768w, https:\/\/webdae.uta.cl\/wp-content\/uploads\/2025\/06\/IMG-20250623-WA0069.jpg 1280w\" sizes=\"auto, (max-width: 1024px) 100vw, 1024px\" \/><\/figure>\n\n\n\n<figure class=\"wp-block-image size-large\"><img loading=\"lazy\" decoding=\"async\" width=\"1024\" height=\"576\" data-id=\"724\" src=\"https:\/\/webdae.uta.cl\/wp-content\/uploads\/2025\/06\/IMG-20250623-WA0063-1024x576.jpg\" alt=\"\" class=\"wp-image-724\" srcset=\"https:\/\/webdae.uta.cl\/wp-content\/uploads\/2025\/06\/IMG-20250623-WA0063-1024x576.jpg 1024w, https:\/\/webdae.uta.cl\/wp-content\/uploads\/2025\/06\/IMG-20250623-WA0063-300x169.jpg 300w, https:\/\/webdae.uta.cl\/wp-content\/uploads\/2025\/06\/IMG-20250623-WA0063-768x432.jpg 768w, https:\/\/webdae.uta.cl\/wp-content\/uploads\/2025\/06\/IMG-20250623-WA0063.jpg 1280w\" sizes=\"auto, (max-width: 1024px) 100vw, 1024px\" \/><\/figure>\n<\/figure>\n","protected":false},"excerpt":{"rendered":"<p>El s\u00e1bado 21 de junio se celebr\u00f3 el D\u00eda Internacional del Yoga en todo el mundo, y Arica no fue la excepci\u00f3n. Diversas actividades se realizaron en distintos espacios de la ciudad, como playas, escuelas y gimnasios. En particular, la Universidad de Tarapac\u00e1 conmemor\u00f3 esta fecha con una clase magistral de Hatha Yoga Tradicional en&#8230;<\/p>\n","protected":false},"author":1,"featured_media":721,"comment_status":"open","ping_status":"open","sticky":false,"template":"","format":"standard","meta":{"footnotes":""},"categories":[10,1],"tags":[],"class_list":["post-712","post","type-post","status-publish","format-standard","has-post-thumbnail","hentry","category-deportes","category-sin-categoria"],"_links":{"self":[{"href":"https:\/\/webdae.uta.cl\/index.php\/wp-json\/wp\/v2\/posts\/712","targetHints":{"allow":["GET"]}}],"collection":[{"href":"https:\/\/webdae.uta.cl\/index.php\/wp-json\/wp\/v2\/posts"}],"about":[{"href":"https:\/\/webdae.uta.cl\/index.php\/wp-json\/wp\/v2\/types\/post"}],"author":[{"embeddable":true,"href":"https:\/\/webdae.uta.cl\/index.php\/wp-json\/wp\/v2\/users\/1"}],"replies":[{"embeddable":true,"href":"https:\/\/webdae.uta.cl\/index.php\/wp-json\/wp\/v2\/comments?post=712"}],"version-history":[{"count":2,"href":"https:\/\/webdae.uta.cl\/index.php\/wp-json\/wp\/v2\/posts\/712\/revisions"}],"predecessor-version":[{"id":726,"href":"https:\/\/webdae.uta.cl\/index.php\/wp-json\/wp\/v2\/posts\/712\/revisions\/726"}],"wp:featuredmedia":[{"embeddable":true,"href":"https:\/\/webdae.uta.cl\/index.php\/wp-json\/wp\/v2\/media\/721"}],"wp:attachment":[{"href":"https:\/\/webdae.uta.cl\/index.php\/wp-json\/wp\/v2\/media?parent=712"}],"wp:term":[{"taxonomy":"category","embeddable":true,"href":"https:\/\/webdae.uta.cl\/index.php\/wp-json\/wp\/v2\/categories?post=712"},{"taxonomy":"post_tag","embeddable":true,"href":"https:\/\/webdae.uta.cl\/index.php\/wp-json\/wp\/v2\/tags?post=712"}],"curies":[{"name":"wp","href":"https:\/\/api.w.org\/{rel}","templated":true}]}}