{"id":665,"date":"2025-05-15T15:50:33","date_gmt":"2025-05-15T18:50:33","guid":{"rendered":"https:\/\/webdae.uta.cl\/?p=665"},"modified":"2025-05-15T15:50:33","modified_gmt":"2025-05-15T18:50:33","slug":"capacitacion-en-primeros-auxilios-y-protocolos-de-accidentes-escolar-y-emergencias-medicas","status":"publish","type":"post","link":"https:\/\/webdae.uta.cl\/index.php\/2025\/05\/15\/capacitacion-en-primeros-auxilios-y-protocolos-de-accidentes-escolar-y-emergencias-medicas\/","title":{"rendered":"Capacitaci\u00f3n en primeros auxilios y protocolos de accidentes escolar y emergencias m\u00e9dicas"},"content":{"rendered":"\n<p><\/p>\n\n\n\n<p>El Servicio Medico Estudiantil invita a participar de la capacitaci\u00f3n de\u00a0 primeros auxilios y protocolos de accidentes escolar y emergencias m\u00e9dicas.<\/p>\n\n\n\n<p>Funcionarios convocados: Guardias de seguridad , secretarias de carrera y CEC vespertinos.&nbsp;<\/p>\n\n\n\n<p>\u00a0La capacitaci\u00f3n es presencial y se realizar\u00e1 entre los d\u00edas 26 y 27 de mayo en horarios diferidos l<strong>os cuales pueden elegir en el<a href=\"https:\/\/docs.google.com\/forms\/d\/e\/1FAIpQLSeCXBVr6H_xD5lz3kAiMIVrHJEZbvZGI8QshkWFTvwmbj2NIw\/viewform\"> formulario de inscripci\u00f3n.<\/a><\/strong><\/p>\n\n\n\n<p>Lugar: auditorio FACSAL.&nbsp;<\/p>\n\n\n\n<p><\/p>\n","protected":false},"excerpt":{"rendered":"<p>El Servicio Medico Estudiantil invita a participar de la capacitaci\u00f3n de\u00a0 primeros auxilios y protocolos de accidentes escolar y emergencias m\u00e9dicas. Funcionarios convocados: Guardias de seguridad , secretarias de carrera y CEC vespertinos.&nbsp; \u00a0La capacitaci\u00f3n es presencial y se realizar\u00e1 entre los d\u00edas 26 y 27 de mayo en horarios diferidos los cuales pueden elegir&#8230;<\/p>\n","protected":false},"author":1,"featured_media":666,"comment_status":"open","ping_status":"open","sticky":false,"template":"","format":"standard","meta":{"footnotes":""},"categories":[1,15],"tags":[],"class_list":["post-665","post","type-post","status-publish","format-standard","has-post-thumbnail","hentry","category-sin-categoria","category-servicio-medico"],"_links":{"self":[{"href":"https:\/\/webdae.uta.cl\/index.php\/wp-json\/wp\/v2\/posts\/665","targetHints":{"allow":["GET"]}}],"collection":[{"href":"https:\/\/webdae.uta.cl\/index.php\/wp-json\/wp\/v2\/posts"}],"about":[{"href":"https:\/\/webdae.uta.cl\/index.php\/wp-json\/wp\/v2\/types\/post"}],"author":[{"embeddable":true,"href":"https:\/\/webdae.uta.cl\/index.php\/wp-json\/wp\/v2\/users\/1"}],"replies":[{"embeddable":true,"href":"https:\/\/webdae.uta.cl\/index.php\/wp-json\/wp\/v2\/comments?post=665"}],"version-history":[{"count":1,"href":"https:\/\/webdae.uta.cl\/index.php\/wp-json\/wp\/v2\/posts\/665\/revisions"}],"predecessor-version":[{"id":667,"href":"https:\/\/webdae.uta.cl\/index.php\/wp-json\/wp\/v2\/posts\/665\/revisions\/667"}],"wp:featuredmedia":[{"embeddable":true,"href":"https:\/\/webdae.uta.cl\/index.php\/wp-json\/wp\/v2\/media\/666"}],"wp:attachment":[{"href":"https:\/\/webdae.uta.cl\/index.php\/wp-json\/wp\/v2\/media?parent=665"}],"wp:term":[{"taxonomy":"category","embeddable":true,"href":"https:\/\/webdae.uta.cl\/index.php\/wp-json\/wp\/v2\/categories?post=665"},{"taxonomy":"post_tag","embeddable":true,"href":"https:\/\/webdae.uta.cl\/index.php\/wp-json\/wp\/v2\/tags?post=665"}],"curies":[{"name":"wp","href":"https:\/\/api.w.org\/{rel}","templated":true}]}}