{"id":589,"date":"2025-03-24T15:20:25","date_gmt":"2025-03-24T18:20:25","guid":{"rendered":"https:\/\/webdae.uta.cl\/?p=589"},"modified":"2025-03-24T15:20:25","modified_gmt":"2025-03-24T18:20:25","slug":"feria-de-promocion-y-prevencion-de-salud-bucodental-en-la-uta","status":"publish","type":"post","link":"https:\/\/webdae.uta.cl\/index.php\/2025\/03\/24\/feria-de-promocion-y-prevencion-de-salud-bucodental-en-la-uta\/","title":{"rendered":"Feria de promoci\u00f3n y prevenci\u00f3n de salud bucodental en la UTA"},"content":{"rendered":"\n<p><\/p>\n\n\n\n<p>El jueves 20 de marzo se celebra la primera feria de promoci\u00f3n y prevenci\u00f3n de salud bucodental de la comunidad universitaria en el marco de la conmemoraci\u00f3n del d\u00eda mundial de salud bucal, logrando una convocatoria de m\u00e1s de 140 alumnos.<\/p>\n\n\n\n<p>Para dicha actividad el Servicio M\u00e9dico Estudiantil de la Universidad de Tarapac\u00e1 coordin\u00f3 de manera conjunta con el Servicio de Salud de Arica la presencia de la unidad dental m\u00f3vil en el campus saucache, a fin de realizar procedimientos dentales al alumnado.<\/p>\n\n\n\n<p>Adem\u00e1s, se entregaron kits de higiene oral (pasta y cepillo dental), infograf\u00edas de autocuidado en salud bucal e informativos del funcionamiento del Servicio M\u00e9dico Estudiantil.<\/p>\n\n\n\n<p>Para promover y motivar a los estudiantes a asistir a evaluaci\u00f3n, control y tratamiento odontol\u00f3gico, se realiz\u00f3 un concurso transmitido v\u00eda live de instagram, en el cual se sorte\u00f3 un tratamiento integral totalmente gratuito adem\u00e1s de dos destartrajes (limpiezas dentales) sin costo asociado.<\/p>\n\n\n\n<p>Se puede destacar el compromiso de los funcionarios de la Direcci\u00f3n de Asuntos Estudiantiles &nbsp;Paola Orengo (asistente dental), Marcia Mardones (trabajadora social) y Cristian L\u00f3pez (cirujano dentista) en la gesti\u00f3n y organizaci\u00f3n del evento, quienes entregaron saldos positivos en materias de convocatoria y participaci\u00f3n estudiantil.<\/p>\n\n\n\n<figure class=\"wp-block-image size-large\"><img loading=\"lazy\" decoding=\"async\" width=\"1024\" height=\"768\" src=\"https:\/\/webdae.uta.cl\/wp-content\/uploads\/2025\/03\/Imagen-de-WhatsApp-2025-03-24-a-las-12.24.13_e50cfb77-1024x768.jpg\" alt=\"\" class=\"wp-image-590\" srcset=\"https:\/\/webdae.uta.cl\/wp-content\/uploads\/2025\/03\/Imagen-de-WhatsApp-2025-03-24-a-las-12.24.13_e50cfb77-1024x768.jpg 1024w, https:\/\/webdae.uta.cl\/wp-content\/uploads\/2025\/03\/Imagen-de-WhatsApp-2025-03-24-a-las-12.24.13_e50cfb77-300x225.jpg 300w, https:\/\/webdae.uta.cl\/wp-content\/uploads\/2025\/03\/Imagen-de-WhatsApp-2025-03-24-a-las-12.24.13_e50cfb77-768x576.jpg 768w, https:\/\/webdae.uta.cl\/wp-content\/uploads\/2025\/03\/Imagen-de-WhatsApp-2025-03-24-a-las-12.24.13_e50cfb77.jpg 1280w\" sizes=\"auto, (max-width: 1024px) 100vw, 1024px\" \/><\/figure>\n","protected":false},"excerpt":{"rendered":"<p>El jueves 20 de marzo se celebra la primera feria de promoci\u00f3n y prevenci\u00f3n de salud bucodental de la comunidad universitaria en el marco de la conmemoraci\u00f3n del d\u00eda mundial de salud bucal, logrando una convocatoria de m\u00e1s de 140 alumnos. Para dicha actividad el Servicio M\u00e9dico Estudiantil de la Universidad de Tarapac\u00e1 coordin\u00f3 de&#8230;<\/p>\n","protected":false},"author":1,"featured_media":591,"comment_status":"open","ping_status":"open","sticky":false,"template":"","format":"standard","meta":{"footnotes":""},"categories":[1,15],"tags":[],"class_list":["post-589","post","type-post","status-publish","format-standard","has-post-thumbnail","hentry","category-sin-categoria","category-servicio-medico"],"_links":{"self":[{"href":"https:\/\/webdae.uta.cl\/index.php\/wp-json\/wp\/v2\/posts\/589","targetHints":{"allow":["GET"]}}],"collection":[{"href":"https:\/\/webdae.uta.cl\/index.php\/wp-json\/wp\/v2\/posts"}],"about":[{"href":"https:\/\/webdae.uta.cl\/index.php\/wp-json\/wp\/v2\/types\/post"}],"author":[{"embeddable":true,"href":"https:\/\/webdae.uta.cl\/index.php\/wp-json\/wp\/v2\/users\/1"}],"replies":[{"embeddable":true,"href":"https:\/\/webdae.uta.cl\/index.php\/wp-json\/wp\/v2\/comments?post=589"}],"version-history":[{"count":1,"href":"https:\/\/webdae.uta.cl\/index.php\/wp-json\/wp\/v2\/posts\/589\/revisions"}],"predecessor-version":[{"id":592,"href":"https:\/\/webdae.uta.cl\/index.php\/wp-json\/wp\/v2\/posts\/589\/revisions\/592"}],"wp:featuredmedia":[{"embeddable":true,"href":"https:\/\/webdae.uta.cl\/index.php\/wp-json\/wp\/v2\/media\/591"}],"wp:attachment":[{"href":"https:\/\/webdae.uta.cl\/index.php\/wp-json\/wp\/v2\/media?parent=589"}],"wp:term":[{"taxonomy":"category","embeddable":true,"href":"https:\/\/webdae.uta.cl\/index.php\/wp-json\/wp\/v2\/categories?post=589"},{"taxonomy":"post_tag","embeddable":true,"href":"https:\/\/webdae.uta.cl\/index.php\/wp-json\/wp\/v2\/tags?post=589"}],"curies":[{"name":"wp","href":"https:\/\/api.w.org\/{rel}","templated":true}]}}