{"id":479,"date":"2024-12-06T15:24:19","date_gmt":"2024-12-06T18:24:19","guid":{"rendered":"https:\/\/webdae.uta.cl\/?p=479"},"modified":"2024-12-06T15:24:19","modified_gmt":"2024-12-06T18:24:19","slug":"resumen-de-la-expo-fest-dae-2024-y-premiacion-de-torneos-deportivos","status":"publish","type":"post","link":"https:\/\/webdae.uta.cl\/index.php\/2024\/12\/06\/resumen-de-la-expo-fest-dae-2024-y-premiacion-de-torneos-deportivos\/","title":{"rendered":"Resumen de la Expo Fest DAE 2024 y Premiaci\u00f3n de Torneos Deportivos"},"content":{"rendered":"\n<h3 class=\"wp-block-heading\"><\/h3>\n\n\n\n<p>El pasado <strong>5 de diciembre<\/strong>, el <strong>Gimnasio Mayor UTA<\/strong> fue el epicentro de una jornada vibrante con la <strong>Expo Fest DAE<\/strong>, un evento que celebr\u00f3 la creatividad, el talento y el esp\u00edritu deportivo de nuestra comunidad universitaria. La actividad incluy\u00f3 competiciones emocionantes, presentaciones art\u00edsticas y espacios recreativos que reunieron a estudiantes, docentes y personal en un ambiente de camarader\u00eda.<\/p>\n\n\n\n<hr class=\"wp-block-separator has-alpha-channel-opacity\"\/>\n\n\n\n<h3 class=\"wp-block-heading\"><strong>Actividades Destacadas<\/strong><\/h3>\n\n\n\n<p>Durante la jornada, los asistentes disfrutaron de una variada programaci\u00f3n que incluy\u00f3:<\/p>\n\n\n\n<ul class=\"wp-block-list\">\n<li><strong>Competencia de Salsa y Bachata:<\/strong> Talento y pasi\u00f3n se hicieron presentes en una emocionante competici\u00f3n de baile.<\/li>\n\n\n\n<li><strong>Torneo de Juego de Cartas &#8220;UNO&#8221;:<\/strong> Una din\u00e1mica competencia que puso a prueba la estrategia y rapidez de los participantes.<\/li>\n\n\n\n<li><strong>Exposiciones Art\u00edsticas:<\/strong> Presentaciones de K-Pop, danza afro arique\u00f1a y exhibiciones de taekwondo deportivo, que destacaron la riqueza cultural y deportiva de los talleres universitarios.<\/li>\n\n\n\n<li><strong>Stands Recreativos:<\/strong> Espacios interactivos dise\u00f1ados para el esparcimiento y la integraci\u00f3n entre los asistentes.<\/li>\n<\/ul>\n\n\n\n<p><\/p>\n\n\n\n<hr class=\"wp-block-separator has-alpha-channel-opacity\"\/>\n\n\n\n<h3 class=\"wp-block-heading\"><strong>Premiaci\u00f3n Resumida<\/strong><\/h3>\n\n\n\n<p><strong>Voleibol<\/strong><\/p>\n\n\n\n<ul class=\"wp-block-list\">\n<li><strong>1\u00b0 lugar Damas:<\/strong> Equipo Brasil<\/li>\n\n\n\n<li><strong>1\u00b0 lugar Varones:<\/strong> Equipo Lo Playa<\/li>\n\n\n\n<li><strong>2\u00b0 lugar Damas:<\/strong> Equipo Blue Label<\/li>\n\n\n\n<li><strong>2\u00b0 lugar Varones:<\/strong> Equipo Los Chacotines<\/li>\n\n\n\n<li><strong>3\u00b0 lugar Damas:<\/strong> Equipo Las NN<\/li>\n\n\n\n<li><strong>3\u00b0 lugar Varones:<\/strong> Equipo Los Ger\u00f3nimos<\/li>\n<\/ul>\n\n\n\n<p><strong>Atletismo<\/strong><\/p>\n\n\n\n<ul class=\"wp-block-list\">\n<li><strong>1\u00b0 lugar:<\/strong> Basti\u00e1n Silva, Antonella Laferte, Joel Fuentes, Florencia Belmar, \u00c1mbar Villena<\/li>\n\n\n\n<li><strong>2\u00b0 lugar:<\/strong> Brayan D\u00edaz, Florencia Belmar, Sebasti\u00e1n Suacte, Gabriel Mu\u00f1oz, Luis G\u00f3ngora<\/li>\n\n\n\n<li><strong>3\u00b0 lugar:<\/strong> Yoel Fuentes, Valentina Zumaran, Alejandro Ram\u00edrez, V\u00edctor Ayala<\/li>\n<\/ul>\n\n\n\n<p><strong>Tenis<\/strong><\/p>\n\n\n\n<ul class=\"wp-block-list\">\n<li><strong>1\u00b0 lugar Damas:<\/strong> Javiera Rodr\u00edguez, Eva Mar\u00edn<\/li>\n\n\n\n<li><strong>1\u00b0 lugar Varones:<\/strong> Walter Guti\u00e9rrez, Luis Fern\u00e1ndez, Miguel Chavarr\u00eda<\/li>\n<\/ul>\n\n\n\n<hr class=\"wp-block-separator has-alpha-channel-opacity\"\/>\n\n\n\n<h3 class=\"wp-block-heading\"><strong>Medallero por Facultades<\/strong><\/h3>\n\n\n\n<ul class=\"wp-block-list\">\n<li><strong>1\u00b0 lugar:<\/strong> Facultad de Educaci\u00f3n y Humanidades<\/li>\n\n\n\n<li><strong>2\u00b0 lugar:<\/strong> Facultad de Ciencias de la Salud<\/li>\n\n\n\n<li><strong>3\u00b0 lugar:<\/strong> Facultad de Administraci\u00f3n y Econom\u00eda<\/li>\n<\/ul>\n\n\n\n<p>Gracias a todos los participantes por su entusiasmo. \u00a1Nos vemos en futuras actividades de DAE Deportes!<\/p>\n\n\n\n<figure class=\"wp-block-gallery has-nested-images columns-default is-cropped wp-block-gallery-1 is-layout-flex wp-block-gallery-is-layout-flex\">\n<figure class=\"wp-block-image size-large\"><img loading=\"lazy\" decoding=\"async\" width=\"768\" height=\"1024\" data-id=\"488\" src=\"https:\/\/webdae.uta.cl\/wp-content\/uploads\/2024\/12\/IMG-20241206-WA0109-768x1024.jpg\" alt=\"\" class=\"wp-image-488\" srcset=\"https:\/\/webdae.uta.cl\/wp-content\/uploads\/2024\/12\/IMG-20241206-WA0109-768x1024.jpg 768w, https:\/\/webdae.uta.cl\/wp-content\/uploads\/2024\/12\/IMG-20241206-WA0109-225x300.jpg 225w, https:\/\/webdae.uta.cl\/wp-content\/uploads\/2024\/12\/IMG-20241206-WA0109-1152x1536.jpg 1152w, https:\/\/webdae.uta.cl\/wp-content\/uploads\/2024\/12\/IMG-20241206-WA0109-1536x2048.jpg 1536w, https:\/\/webdae.uta.cl\/wp-content\/uploads\/2024\/12\/IMG-20241206-WA0109-scaled.jpg 1920w\" sizes=\"auto, (max-width: 768px) 100vw, 768px\" \/><\/figure>\n\n\n\n<figure class=\"wp-block-image size-large\"><img loading=\"lazy\" decoding=\"async\" width=\"768\" height=\"1024\" data-id=\"487\" src=\"https:\/\/webdae.uta.cl\/wp-content\/uploads\/2024\/12\/IMG-20241206-WA0108-768x1024.jpg\" alt=\"\" class=\"wp-image-487\" srcset=\"https:\/\/webdae.uta.cl\/wp-content\/uploads\/2024\/12\/IMG-20241206-WA0108-768x1024.jpg 768w, https:\/\/webdae.uta.cl\/wp-content\/uploads\/2024\/12\/IMG-20241206-WA0108-225x300.jpg 225w, https:\/\/webdae.uta.cl\/wp-content\/uploads\/2024\/12\/IMG-20241206-WA0108-1152x1536.jpg 1152w, https:\/\/webdae.uta.cl\/wp-content\/uploads\/2024\/12\/IMG-20241206-WA0108-1536x2048.jpg 1536w, https:\/\/webdae.uta.cl\/wp-content\/uploads\/2024\/12\/IMG-20241206-WA0108-scaled.jpg 1920w\" sizes=\"auto, (max-width: 768px) 100vw, 768px\" \/><\/figure>\n\n\n\n<figure class=\"wp-block-image size-large\"><img loading=\"lazy\" decoding=\"async\" width=\"768\" height=\"1024\" data-id=\"485\" src=\"https:\/\/webdae.uta.cl\/wp-content\/uploads\/2024\/12\/IMG-20241206-WA0104-768x1024.jpg\" alt=\"\" class=\"wp-image-485\" srcset=\"https:\/\/webdae.uta.cl\/wp-content\/uploads\/2024\/12\/IMG-20241206-WA0104-768x1024.jpg 768w, https:\/\/webdae.uta.cl\/wp-content\/uploads\/2024\/12\/IMG-20241206-WA0104-225x300.jpg 225w, https:\/\/webdae.uta.cl\/wp-content\/uploads\/2024\/12\/IMG-20241206-WA0104-1152x1536.jpg 1152w, https:\/\/webdae.uta.cl\/wp-content\/uploads\/2024\/12\/IMG-20241206-WA0104-1536x2048.jpg 1536w, https:\/\/webdae.uta.cl\/wp-content\/uploads\/2024\/12\/IMG-20241206-WA0104-scaled.jpg 1920w\" sizes=\"auto, (max-width: 768px) 100vw, 768px\" \/><\/figure>\n\n\n\n<figure class=\"wp-block-image size-large\"><img loading=\"lazy\" decoding=\"async\" width=\"1024\" height=\"473\" data-id=\"483\" src=\"https:\/\/webdae.uta.cl\/wp-content\/uploads\/2024\/12\/IMG-20241206-WA0035-1024x473.jpg\" alt=\"\" class=\"wp-image-483\" srcset=\"https:\/\/webdae.uta.cl\/wp-content\/uploads\/2024\/12\/IMG-20241206-WA0035-1024x473.jpg 1024w, https:\/\/webdae.uta.cl\/wp-content\/uploads\/2024\/12\/IMG-20241206-WA0035-300x139.jpg 300w, https:\/\/webdae.uta.cl\/wp-content\/uploads\/2024\/12\/IMG-20241206-WA0035-768x355.jpg 768w, https:\/\/webdae.uta.cl\/wp-content\/uploads\/2024\/12\/IMG-20241206-WA0035-1536x709.jpg 1536w, https:\/\/webdae.uta.cl\/wp-content\/uploads\/2024\/12\/IMG-20241206-WA0035-2048x946.jpg 2048w\" sizes=\"auto, (max-width: 1024px) 100vw, 1024px\" \/><\/figure>\n\n\n\n<figure class=\"wp-block-image size-large\"><img loading=\"lazy\" decoding=\"async\" width=\"1024\" height=\"824\" data-id=\"482\" src=\"https:\/\/webdae.uta.cl\/wp-content\/uploads\/2024\/12\/IMG-20241206-WA0025-1024x824.jpg\" alt=\"\" class=\"wp-image-482\" srcset=\"https:\/\/webdae.uta.cl\/wp-content\/uploads\/2024\/12\/IMG-20241206-WA0025-1024x824.jpg 1024w, https:\/\/webdae.uta.cl\/wp-content\/uploads\/2024\/12\/IMG-20241206-WA0025-300x241.jpg 300w, https:\/\/webdae.uta.cl\/wp-content\/uploads\/2024\/12\/IMG-20241206-WA0025-768x618.jpg 768w, https:\/\/webdae.uta.cl\/wp-content\/uploads\/2024\/12\/IMG-20241206-WA0025-1536x1236.jpg 1536w, https:\/\/webdae.uta.cl\/wp-content\/uploads\/2024\/12\/IMG-20241206-WA0025-2048x1648.jpg 2048w\" sizes=\"auto, (max-width: 1024px) 100vw, 1024px\" \/><\/figure>\n\n\n\n<figure class=\"wp-block-image size-large\"><img loading=\"lazy\" decoding=\"async\" width=\"1024\" height=\"473\" data-id=\"481\" src=\"https:\/\/webdae.uta.cl\/wp-content\/uploads\/2024\/12\/IMG-20241206-WA0023-1-1024x473.jpg\" alt=\"\" class=\"wp-image-481\" srcset=\"https:\/\/webdae.uta.cl\/wp-content\/uploads\/2024\/12\/IMG-20241206-WA0023-1-1024x473.jpg 1024w, https:\/\/webdae.uta.cl\/wp-content\/uploads\/2024\/12\/IMG-20241206-WA0023-1-300x139.jpg 300w, https:\/\/webdae.uta.cl\/wp-content\/uploads\/2024\/12\/IMG-20241206-WA0023-1-768x355.jpg 768w, https:\/\/webdae.uta.cl\/wp-content\/uploads\/2024\/12\/IMG-20241206-WA0023-1-1536x709.jpg 1536w, https:\/\/webdae.uta.cl\/wp-content\/uploads\/2024\/12\/IMG-20241206-WA0023-1-2048x946.jpg 2048w\" sizes=\"auto, (max-width: 1024px) 100vw, 1024px\" \/><\/figure>\n\n\n\n<figure class=\"wp-block-image size-large\"><img loading=\"lazy\" decoding=\"async\" width=\"768\" height=\"1024\" data-id=\"489\" src=\"https:\/\/webdae.uta.cl\/wp-content\/uploads\/2024\/12\/IMG-20241206-WA0111-768x1024.jpg\" alt=\"\" class=\"wp-image-489\" srcset=\"https:\/\/webdae.uta.cl\/wp-content\/uploads\/2024\/12\/IMG-20241206-WA0111-768x1024.jpg 768w, https:\/\/webdae.uta.cl\/wp-content\/uploads\/2024\/12\/IMG-20241206-WA0111-225x300.jpg 225w, https:\/\/webdae.uta.cl\/wp-content\/uploads\/2024\/12\/IMG-20241206-WA0111-1152x1536.jpg 1152w, https:\/\/webdae.uta.cl\/wp-content\/uploads\/2024\/12\/IMG-20241206-WA0111-1536x2048.jpg 1536w, https:\/\/webdae.uta.cl\/wp-content\/uploads\/2024\/12\/IMG-20241206-WA0111-scaled.jpg 1920w\" sizes=\"auto, (max-width: 768px) 100vw, 768px\" \/><\/figure>\n<\/figure>\n","protected":false},"excerpt":{"rendered":"<p>El pasado 5 de diciembre, el Gimnasio Mayor UTA fue el epicentro de una jornada vibrante con la Expo Fest DAE, un evento que celebr\u00f3 la creatividad, el talento y el esp\u00edritu deportivo de nuestra comunidad universitaria. La actividad incluy\u00f3 competiciones emocionantes, presentaciones art\u00edsticas y espacios recreativos que reunieron a estudiantes, docentes y personal en&#8230;<\/p>\n","protected":false},"author":1,"featured_media":482,"comment_status":"open","ping_status":"open","sticky":false,"template":"","format":"standard","meta":{"footnotes":""},"categories":[10,1],"tags":[],"class_list":["post-479","post","type-post","status-publish","format-standard","has-post-thumbnail","hentry","category-deportes","category-sin-categoria"],"_links":{"self":[{"href":"https:\/\/webdae.uta.cl\/index.php\/wp-json\/wp\/v2\/posts\/479","targetHints":{"allow":["GET"]}}],"collection":[{"href":"https:\/\/webdae.uta.cl\/index.php\/wp-json\/wp\/v2\/posts"}],"about":[{"href":"https:\/\/webdae.uta.cl\/index.php\/wp-json\/wp\/v2\/types\/post"}],"author":[{"embeddable":true,"href":"https:\/\/webdae.uta.cl\/index.php\/wp-json\/wp\/v2\/users\/1"}],"replies":[{"embeddable":true,"href":"https:\/\/webdae.uta.cl\/index.php\/wp-json\/wp\/v2\/comments?post=479"}],"version-history":[{"count":1,"href":"https:\/\/webdae.uta.cl\/index.php\/wp-json\/wp\/v2\/posts\/479\/revisions"}],"predecessor-version":[{"id":490,"href":"https:\/\/webdae.uta.cl\/index.php\/wp-json\/wp\/v2\/posts\/479\/revisions\/490"}],"wp:featuredmedia":[{"embeddable":true,"href":"https:\/\/webdae.uta.cl\/index.php\/wp-json\/wp\/v2\/media\/482"}],"wp:attachment":[{"href":"https:\/\/webdae.uta.cl\/index.php\/wp-json\/wp\/v2\/media?parent=479"}],"wp:term":[{"taxonomy":"category","embeddable":true,"href":"https:\/\/webdae.uta.cl\/index.php\/wp-json\/wp\/v2\/categories?post=479"},{"taxonomy":"post_tag","embeddable":true,"href":"https:\/\/webdae.uta.cl\/index.php\/wp-json\/wp\/v2\/tags?post=479"}],"curies":[{"name":"wp","href":"https:\/\/api.w.org\/{rel}","templated":true}]}}