{"id":1657,"date":"2026-03-11T16:21:36","date_gmt":"2026-03-11T19:21:36","guid":{"rendered":"https:\/\/webdae.uta.cl\/?p=1657"},"modified":"2026-03-11T16:21:37","modified_gmt":"2026-03-11T19:21:37","slug":"convivencia-universitaria-fortalece-la-salud-mental-en-facsal-iquique","status":"publish","type":"post","link":"https:\/\/webdae.uta.cl\/index.php\/2026\/03\/11\/convivencia-universitaria-fortalece-la-salud-mental-en-facsal-iquique\/","title":{"rendered":"Convivencia Universitaria fortalece la salud mental en FACSAL Iquique"},"content":{"rendered":"\n<p>Entre el&nbsp;<strong>22 y 23 de enero de 2026<\/strong>, Convivencia Universitaria, por encargo de la Decana&nbsp;<strong>Celia Boquez<\/strong>, desarroll\u00f3 en la&nbsp;<strong>sede Esmeralda de Iquique<\/strong>&nbsp;la r\u00e9plica de los talleres de fortalecimiento de competencias docentes para la&nbsp;<strong>Facultad de Ciencias de la Salud (FACSAL &#8211; Iquique)<\/strong><\/p>\n\n\n\n<p><img decoding=\"async\" alt=\"\ud83d\udc69\u200d\u2695\ufe0f\" src=\"https:\/\/fonts.gstatic.com\/s\/e\/notoemoji\/17.0\/1f469_200d_2695_fe0f\/32.png\"><img decoding=\"async\" alt=\"\u2728\" src=\"https:\/\/fonts.gstatic.com\/s\/e\/notoemoji\/17.0\/2728\/32.png\">&nbsp;Las actividades estuvieron a cargo de&nbsp;<strong>Camila Arnes Gonz\u00e1lez<\/strong>, Psic\u00f3loga de Convivencia Universitaria, y contaron con la participaci\u00f3n de&nbsp;<strong>10 a 12 docentes<\/strong>, correspondiente a la totalidad del cuerpo acad\u00e9mico de la facultad en la sede, lo que permiti\u00f3 un trabajo cercano, participativo y focalizado.<\/p>\n\n\n\n<p><img decoding=\"async\" alt=\"\ud83d\udccc\" src=\"https:\/\/fonts.gstatic.com\/s\/e\/notoemoji\/17.0\/1f4cc\/32.png\">&nbsp;<strong>Talleres realizados<\/strong><strong><br><\/strong><img decoding=\"async\" alt=\"\u2714\ufe0f\" src=\"https:\/\/fonts.gstatic.com\/s\/e\/notoemoji\/17.0\/2714_fe0f\/32.png\">&nbsp;<em>Neurodiversidad en el aula universitaria<\/em>&nbsp;(en coordinaci\u00f3n con PROCAI)<br><img decoding=\"async\" alt=\"\u2714\ufe0f\" src=\"https:\/\/fonts.gstatic.com\/s\/e\/notoemoji\/17.0\/2714_fe0f\/32.png\">&nbsp;<em>Primeros Auxilios Psicol\u00f3gicos<\/em><em><br><\/em><img decoding=\"async\" alt=\"\u2714\ufe0f\" src=\"https:\/\/fonts.gstatic.com\/s\/e\/notoemoji\/17.0\/2714_fe0f\/32.png\">&nbsp;<em>Herramientas para la promoci\u00f3n del bienestar estudiantil<\/em><em><br><\/em><img decoding=\"async\" alt=\"\u2714\ufe0f\" src=\"https:\/\/fonts.gstatic.com\/s\/e\/notoemoji\/17.0\/2714_fe0f\/32.png\">&nbsp;<em>Cuidado en equipos de trabajo<\/em><\/p>\n\n\n\n<p><img decoding=\"async\" alt=\"\ud83d\udd4a\ufe0f\" src=\"https:\/\/fonts.gstatic.com\/s\/e\/notoemoji\/17.0\/1f54a_fe0f\/32.png\">&nbsp;Las jornadas, realizadas en modalidad de ma\u00f1ana y tarde, promovieron el desarrollo de herramientas pr\u00e1cticas para la identificaci\u00f3n de se\u00f1ales de alerta, el acompa\u00f1amiento inicial de estudiantes, el abordaje de crisis emocionales y el fortalecimiento del autocuidado y la cohesi\u00f3n de los equipos de trabajo.<\/p>\n\n\n\n<p><img decoding=\"async\" alt=\"\ud83c\udf31\" src=\"https:\/\/fonts.gstatic.com\/s\/e\/notoemoji\/17.0\/1f331\/32.png\">&nbsp;Esta instancia permiti\u00f3 relevar la importancia del rol docente como agente clave en la promoci\u00f3n del bienestar, fortaleciendo pr\u00e1cticas de cuidado y acompa\u00f1amiento dentro del quehacer universitario.<\/p>\n\n\n\n<figure class=\"wp-block-image size-large\"><img loading=\"lazy\" decoding=\"async\" width=\"819\" height=\"1024\" src=\"https:\/\/webdae.uta.cl\/wp-content\/uploads\/2026\/03\/CONVIVENCIA-UNIVERSITARIA-PLANTLLAS-DAE-V2-1-819x1024.png\" alt=\"\" class=\"wp-image-1658\" srcset=\"https:\/\/webdae.uta.cl\/wp-content\/uploads\/2026\/03\/CONVIVENCIA-UNIVERSITARIA-PLANTLLAS-DAE-V2-1-819x1024.png 819w, https:\/\/webdae.uta.cl\/wp-content\/uploads\/2026\/03\/CONVIVENCIA-UNIVERSITARIA-PLANTLLAS-DAE-V2-1-240x300.png 240w, https:\/\/webdae.uta.cl\/wp-content\/uploads\/2026\/03\/CONVIVENCIA-UNIVERSITARIA-PLANTLLAS-DAE-V2-1-768x960.png 768w, https:\/\/webdae.uta.cl\/wp-content\/uploads\/2026\/03\/CONVIVENCIA-UNIVERSITARIA-PLANTLLAS-DAE-V2-1.png 1080w\" sizes=\"auto, (max-width: 819px) 100vw, 819px\" \/><\/figure>\n","protected":false},"excerpt":{"rendered":"<p>Entre el&nbsp;22 y 23 de enero de 2026, Convivencia Universitaria, por encargo de la Decana&nbsp;Celia Boquez, desarroll\u00f3 en la&nbsp;sede Esmeralda de Iquique&nbsp;la r\u00e9plica de los talleres de fortalecimiento de competencias docentes para la&nbsp;Facultad de Ciencias de la Salud (FACSAL &#8211; Iquique) &nbsp;Las actividades estuvieron a cargo de&nbsp;Camila Arnes Gonz\u00e1lez, Psic\u00f3loga de Convivencia Universitaria, y contaron&#8230;<\/p>\n","protected":false},"author":1,"featured_media":1659,"comment_status":"open","ping_status":"open","sticky":false,"template":"","format":"standard","meta":{"footnotes":""},"categories":[24],"tags":[],"class_list":["post-1657","post","type-post","status-publish","format-standard","has-post-thumbnail","hentry","category-noticias-dae-iquique"],"_links":{"self":[{"href":"https:\/\/webdae.uta.cl\/index.php\/wp-json\/wp\/v2\/posts\/1657","targetHints":{"allow":["GET"]}}],"collection":[{"href":"https:\/\/webdae.uta.cl\/index.php\/wp-json\/wp\/v2\/posts"}],"about":[{"href":"https:\/\/webdae.uta.cl\/index.php\/wp-json\/wp\/v2\/types\/post"}],"author":[{"embeddable":true,"href":"https:\/\/webdae.uta.cl\/index.php\/wp-json\/wp\/v2\/users\/1"}],"replies":[{"embeddable":true,"href":"https:\/\/webdae.uta.cl\/index.php\/wp-json\/wp\/v2\/comments?post=1657"}],"version-history":[{"count":1,"href":"https:\/\/webdae.uta.cl\/index.php\/wp-json\/wp\/v2\/posts\/1657\/revisions"}],"predecessor-version":[{"id":1660,"href":"https:\/\/webdae.uta.cl\/index.php\/wp-json\/wp\/v2\/posts\/1657\/revisions\/1660"}],"wp:featuredmedia":[{"embeddable":true,"href":"https:\/\/webdae.uta.cl\/index.php\/wp-json\/wp\/v2\/media\/1659"}],"wp:attachment":[{"href":"https:\/\/webdae.uta.cl\/index.php\/wp-json\/wp\/v2\/media?parent=1657"}],"wp:term":[{"taxonomy":"category","embeddable":true,"href":"https:\/\/webdae.uta.cl\/index.php\/wp-json\/wp\/v2\/categories?post=1657"},{"taxonomy":"post_tag","embeddable":true,"href":"https:\/\/webdae.uta.cl\/index.php\/wp-json\/wp\/v2\/tags?post=1657"}],"curies":[{"name":"wp","href":"https:\/\/api.w.org\/{rel}","templated":true}]}}